{"id":1,"date":"2015-11-14T12:21:22","date_gmt":"2015-11-14T12:21:22","guid":{"rendered":"http:\/\/terapiaquantica.hospedagemdesites.ws\/sisead\/?p=1"},"modified":"2017-02-23T14:12:03","modified_gmt":"2017-02-23T17:12:03","slug":"ensino-distancia-do-ctq","status":"publish","type":"post","link":"https:\/\/www.terapiaquantica.com.br\/sisead\/ensino-distancia-do-ctq\/","title":{"rendered":"Ensino a Dist\u00e2ncia do CTQ"},"content":{"rendered":"<h1 style=\"text-align: center;\"><span style=\"font-family: Verdana,Geneva; color: #0000ff;\">Bem-vindos ao Ensino a Dist\u00e2ncia do <\/span><br \/>\n<span style=\"font-family: Verdana,Geneva; color: #0000ff;\">Centro de Tecnologia Qu\u00e2ntica.<\/span><\/h1>\n<p><h2 style=\"text-align: center;\"><span style=\"font-family: Verdana,Geneva; color: #0000ff;\">Esperamos contribuir com o seu crescimento f\u00edsico,<br \/>\nemocional, mental e espiritual.<\/span><\/h2>\n<p><p style=\"text-align: center;\"><span style=\"color: #0000ff; font-size: 18pt;\"><strong><span style=\"font-family: Verdana,Geneva;\">Aproveite.<\/span><\/strong><\/span><\/p>\n<p style=\"text-align: center;\"><span style=\"color: #0000ff; font-size: 18pt;\"><strong><span style=\"font-family: Verdana,Geneva;\">Marcos Brenelli<\/span><\/strong><\/span><\/p>\n<p style=\"text-align: center;\"><span style=\"color: #0000ff; font-size: 18pt;\"><strong><span style=\"font-family: Verdana,Geneva;\">Diretor do Centro de Tecnologia Qu\u00e2ntica<\/span><\/strong><\/span><\/p>\n<p style=\"text-align: center;\"><span style=\"color: #0000ff; font-size: 18pt;\"><strong><span style=\"font-family: Verdana,Geneva;\">Rua Te\u00f3filo Braga, 391 &#8211; Campinas &#8211; SP<\/span><\/strong><\/span><\/p>\n<p style=\"text-align: center;\"><span style=\"color: #0000ff; font-size: 18pt;\"><strong><span style=\"font-family: Verdana,Geneva;\">Fone 19-35790639<\/span><\/strong><\/span><\/p>\n<p>&nbsp;<\/p>\n","protected":false},"excerpt":{"rendered":"<p>Bem-vindos ao Ensino a Dist\u00e2ncia do Centro de Tecnologia Qu\u00e2ntica. Esperamos contribuir com o seu crescimento f\u00edsico, emocional, mental e espiritual. Aproveite. Marcos Brenelli Diretor do Centro de Tecnologia Qu\u00e2ntica Rua Te\u00f3filo Braga, 391 &#8211; Campinas &#8211; SP Fone 19-35790639 &nbsp;<\/p>\n","protected":false},"author":1,"featured_media":28,"comment_status":"open","ping_status":"open","sticky":false,"template":"","format":"standard","meta":{"footnotes":""},"categories":[14],"tags":[35,36,37,38,39,40,41,42],"class_list":["post-1","post","type-post","status-publish","format-standard","has-post-thumbnail","hentry","category-geral","tag-centro-de-tecnologia-quantica","tag-marcos-brenelli","tag-ensino-a-distancia","tag-terapia-quantica-atlantis","tag-comandos-quanticos-atlantis","tag-inteligencia-emocional","tag-cura-integrada-atlantis","tag-video-de-palestras"],"_links":{"self":[{"href":"https:\/\/www.terapiaquantica.com.br\/sisead\/wp-json\/wp\/v2\/posts\/1","targetHints":{"allow":["GET"]}}],"collection":[{"href":"https:\/\/www.terapiaquantica.com.br\/sisead\/wp-json\/wp\/v2\/posts"}],"about":[{"href":"https:\/\/www.terapiaquantica.com.br\/sisead\/wp-json\/wp\/v2\/types\/post"}],"author":[{"embeddable":true,"href":"https:\/\/www.terapiaquantica.com.br\/sisead\/wp-json\/wp\/v2\/users\/1"}],"replies":[{"embeddable":true,"href":"https:\/\/www.terapiaquantica.com.br\/sisead\/wp-json\/wp\/v2\/comments?post=1"}],"version-history":[{"count":17,"href":"https:\/\/www.terapiaquantica.com.br\/sisead\/wp-json\/wp\/v2\/posts\/1\/revisions"}],"predecessor-version":[{"id":1028,"href":"https:\/\/www.terapiaquantica.com.br\/sisead\/wp-json\/wp\/v2\/posts\/1\/revisions\/1028"}],"wp:featuredmedia":[{"embeddable":true,"href":"https:\/\/www.terapiaquantica.com.br\/sisead\/wp-json\/wp\/v2\/media\/28"}],"wp:attachment":[{"href":"https:\/\/www.terapiaquantica.com.br\/sisead\/wp-json\/wp\/v2\/media?parent=1"}],"wp:term":[{"taxonomy":"category","embeddable":true,"href":"https:\/\/www.terapiaquantica.com.br\/sisead\/wp-json\/wp\/v2\/categories?post=1"},{"taxonomy":"post_tag","embeddable":true,"href":"https:\/\/www.terapiaquantica.com.br\/sisead\/wp-json\/wp\/v2\/tags?post=1"}],"curies":[{"name":"wp","href":"https:\/\/api.w.org\/{rel}","templated":true}]}}